{"id":789,"date":"2019-06-30T11:31:22","date_gmt":"2019-06-30T11:31:22","guid":{"rendered":"http:\/\/uptime.tommusdemos.wpengine.com\/?p=789"},"modified":"2019-10-12T20:34:00","modified_gmt":"2019-10-13T00:34:00","slug":"nuevos-aliados-en-la-fundacion","status":"publish","type":"post","link":"https:\/\/fundacioncrecer.net\/index.php\/2019\/06\/30\/nuevos-aliados-en-la-fundacion\/","title":{"rendered":"Nuevos aliados en la Fundaci\u00f3n"},"content":{"rendered":"<p class=\"lead\">Inversiones el Clonqui y Compa\u00f1\u00eda Agr\u00edcola del Valle se sumaron este a\u00f1o como socios estrat\u00e9gicos y gracias a su generoso aporte, pudimos implementar el proyecto en dos colegios de la comuna Mar\u00eda Pinto. Este a\u00f1o, tambi\u00e9n se comenz\u00f3 a trabajar con la Corporaci\u00f3n Educacional del Arzobispado de Santiago (CEAS), para quien se est\u00e1 implementando una parte del programa Primero LEE en ocho establecimientos de la Regi\u00f3n Metropolitana y uno en Cunco Chico. Asimismo, y gracias al aporte de Falabella, se sumaron al programa tres escuelas en Santiago y una de Puente Alto.<\/p>\n<div class=\"clearfix\"><\/div>","protected":false},"excerpt":{"rendered":"<p>nversiones el Clonqui y Compa\u00f1\u00eda Agr\u00edcola del Valle se sumaron este a\u00f1o como socios estrat\u00e9gicos y gracias a su generoso aporte, pudimos implementar el proyecto en dos colegios de la comuna Mar\u00eda Pinto.<\/p>\n","protected":false},"author":1,"featured_media":1490,"comment_status":"open","ping_status":"open","sticky":false,"template":"","format":"standard","meta":{"footnotes":""},"categories":[32],"tags":[31],"class_list":["post-789","post","type-post","status-publish","format-standard","has-post-thumbnail","hentry","category-noticia","tag-noticia"],"_links":{"self":[{"href":"https:\/\/fundacioncrecer.net\/index.php\/wp-json\/wp\/v2\/posts\/789"}],"collection":[{"href":"https:\/\/fundacioncrecer.net\/index.php\/wp-json\/wp\/v2\/posts"}],"about":[{"href":"https:\/\/fundacioncrecer.net\/index.php\/wp-json\/wp\/v2\/types\/post"}],"author":[{"embeddable":true,"href":"https:\/\/fundacioncrecer.net\/index.php\/wp-json\/wp\/v2\/users\/1"}],"replies":[{"embeddable":true,"href":"https:\/\/fundacioncrecer.net\/index.php\/wp-json\/wp\/v2\/comments?post=789"}],"version-history":[{"count":2,"href":"https:\/\/fundacioncrecer.net\/index.php\/wp-json\/wp\/v2\/posts\/789\/revisions"}],"predecessor-version":[{"id":1491,"href":"https:\/\/fundacioncrecer.net\/index.php\/wp-json\/wp\/v2\/posts\/789\/revisions\/1491"}],"wp:featuredmedia":[{"embeddable":true,"href":"https:\/\/fundacioncrecer.net\/index.php\/wp-json\/wp\/v2\/media\/1490"}],"wp:attachment":[{"href":"https:\/\/fundacioncrecer.net\/index.php\/wp-json\/wp\/v2\/media?parent=789"}],"wp:term":[{"taxonomy":"category","embeddable":true,"href":"https:\/\/fundacioncrecer.net\/index.php\/wp-json\/wp\/v2\/categories?post=789"},{"taxonomy":"post_tag","embeddable":true,"href":"https:\/\/fundacioncrecer.net\/index.php\/wp-json\/wp\/v2\/tags?post=789"}],"curies":[{"name":"wp","href":"https:\/\/api.w.org\/{rel}","templated":true}]}}